{"id":227098,"date":"2025-04-24T22:00:00","date_gmt":"2025-04-24T22:00:00","guid":{"rendered":"https:\/\/lapinleisku.fi\/?p=227098"},"modified":"2025-06-23T13:40:12","modified_gmt":"2025-06-23T10:40:12","slug":"to-12-7-2025-assat-tanssiorkesteri-leiskun-juhlateltalla-sodankyla","status":"publish","type":"post","link":"https:\/\/lapinleisku.fi\/en\/to-12-7-2025-assat-tanssiorkesteri-leiskun-juhlateltalla-sodankyla\/","title":{"rendered":"To 12.6.2025 \u00c4ss\u00e4t tanssiorkesteri, Leiskun juhlateltalla, Sodankyl\u00e4"},"content":{"rendered":"[et_pb_section admin_label=&#8221;section&#8221;]\n\t\t\t[et_pb_row admin_label=&#8221;row&#8221;]\n\t\t\t\t[et_pb_column type=&#8221;4_4&#8243;][et_pb_text admin_label=&#8221;Text&#8221;]Torstaina 12.6. upea tanssiorkesteri \u00c4ss\u00e4t Leiskun juhlateltalla, Sodankyl\u00e4ss\u00e4 (IKH:n\/ Simosen parkkipaikka \/ Sompiontie 1)<br \/>\nSis\u00e4\u00e4np\u00e4\u00e4sylippu 18 \u20ac, Showtime n. klo 21.00,\u00a0K-18<br \/>\nL\u00e4mpim\u00e4sti tervetuloa<br \/>\nPia &amp; Juha[\/et_pb_text][\/et_pb_column]\n\t\t\t[\/et_pb_row]\n\t\t[\/et_pb_section]\n<p><a href=\"https:\/\/lapinleisku.fi\/wp-content\/uploads\/2025\/01\/1000009519.jpg\"><img loading=\"lazy\" decoding=\"async\" src=\"https:\/\/lapinleisku.fi\/wp-content\/uploads\/2025\/01\/1000009519-150x136.jpg\" width=\"150\" height=\"136\" alt=\"1000009519.jpg\" style=\"display:inline-block\"><\/a> <\/p>","protected":false},"excerpt":{"rendered":"<p>Torstaina 12.6. upea tanssiorkesteri \u00c4ss\u00e4t Leiskun juhlateltalla, Sodankyl\u00e4ss\u00e4 (IKH:n\/ Simosen parkkipaikka \/ Sompiontie 1) Sis\u00e4\u00e4np\u00e4\u00e4sylippu 18 \u20ac, Showtime n. klo 21.00,\u00a0K-18 L\u00e4mpim\u00e4sti tervetuloa Pia &amp; Juha<\/p>","protected":false},"author":1,"featured_media":227100,"comment_status":"open","ping_status":"open","sticky":false,"template":"","format":"standard","meta":{"_seopress_robots_primary_cat":"none","_seopress_titles_title":"","_seopress_titles_desc":"","_seopress_robots_index":"","_et_pb_use_builder":"on","_et_pb_old_content":"Torstaina 12.6. upea tanssiorkesteri \u00c4ss\u00e4t Leiskun juhlateltalla, Sodankyl\u00e4ss\u00e4 (IKH:n\/ Simosen parkkipaikka \/ Sompiontie 1)\nSis\u00e4\u00e4np\u00e4\u00e4sylippu 18 \u20ac, Showtime n. klo 21.00,\u00a0K-18\nL\u00e4mpim\u00e4sti tervetuloa\nPia &amp; Juha","_et_gb_content_width":"","footnotes":""},"categories":[2],"tags":[],"class_list":["post-227098","post","type-post","status-publish","format-standard","has-post-thumbnail","hentry","category-musiikki"],"_links":{"self":[{"href":"https:\/\/lapinleisku.fi\/en\/wp-json\/wp\/v2\/posts\/227098","targetHints":{"allow":["GET"]}}],"collection":[{"href":"https:\/\/lapinleisku.fi\/en\/wp-json\/wp\/v2\/posts"}],"about":[{"href":"https:\/\/lapinleisku.fi\/en\/wp-json\/wp\/v2\/types\/post"}],"author":[{"embeddable":true,"href":"https:\/\/lapinleisku.fi\/en\/wp-json\/wp\/v2\/users\/1"}],"replies":[{"embeddable":true,"href":"https:\/\/lapinleisku.fi\/en\/wp-json\/wp\/v2\/comments?post=227098"}],"version-history":[{"count":4,"href":"https:\/\/lapinleisku.fi\/en\/wp-json\/wp\/v2\/posts\/227098\/revisions"}],"predecessor-version":[{"id":227273,"href":"https:\/\/lapinleisku.fi\/en\/wp-json\/wp\/v2\/posts\/227098\/revisions\/227273"}],"wp:featuredmedia":[{"embeddable":true,"href":"https:\/\/lapinleisku.fi\/en\/wp-json\/wp\/v2\/media\/227100"}],"wp:attachment":[{"href":"https:\/\/lapinleisku.fi\/en\/wp-json\/wp\/v2\/media?parent=227098"}],"wp:term":[{"taxonomy":"category","embeddable":true,"href":"https:\/\/lapinleisku.fi\/en\/wp-json\/wp\/v2\/categories?post=227098"},{"taxonomy":"post_tag","embeddable":true,"href":"https:\/\/lapinleisku.fi\/en\/wp-json\/wp\/v2\/tags?post=227098"}],"curies":[{"name":"wp","href":"https:\/\/api.w.org\/{rel}","templated":true}]}}