{"id":227103,"date":"2025-04-23T20:13:59","date_gmt":"2025-04-23T20:13:59","guid":{"rendered":"https:\/\/lapinleisku.fi\/?p=227103"},"modified":"2025-06-05T10:56:57","modified_gmt":"2025-06-05T07:56:57","slug":"pe-13-6-2025-pasi-anssi-leiskun-juhlateltalla-sodankyla","status":"publish","type":"post","link":"https:\/\/lapinleisku.fi\/en\/pe-13-6-2025-pasi-anssi-leiskun-juhlateltalla-sodankyla\/","title":{"rendered":"Pe 13.6.2025 Pasi &amp; Anssi, Leiskun juhlateltalla, Sodankyl\u00e4"},"content":{"rendered":"[et_pb_section admin_label=&#8221;section&#8221;]\n\t\t\t[et_pb_row admin_label=&#8221;row&#8221;]\n\t\t\t\t[et_pb_column type=&#8221;4_4&#8243;][et_pb_text admin_label=&#8221;Text&#8221;]Perjantaina 13.6.2025 t\u00e4r\u00e4ytet\u00e4\u00e4n Pasin &amp; Anssin shown my\u00f6t\u00e4 kes\u00e4n kuumimmat bileet Leiskun juhlateltalla, Sodankyl\u00e4ss\u00e4 (IKH:n \/ Simosen parkkipaikka, Sompiontie 1).<br \/>\nSis\u00e4\u00e4np\u00e4\u00e4sylippu 25 \u20ac (ennakkoliput myynniss\u00e4 soittamalla 040 7621 992), showtime n. klo 22.30, K-18<br \/>\nL\u00e4mpim\u00e4sti tervetuloa<br \/>\nPia &amp; Juha[\/et_pb_text][\/et_pb_column]\n\t\t\t[\/et_pb_row]\n\t\t[\/et_pb_section]\n<p><a href=\"https:\/\/lapinleisku.fi\/wp-content\/uploads\/2025\/01\/1000011986.jpg\"><img loading=\"lazy\" decoding=\"async\" src=\"https:\/\/lapinleisku.fi\/wp-content\/uploads\/2025\/01\/1000011986-150x134.jpg\" width=\"150\" height=\"134\" alt=\"1000011986.jpg\" style=\"display:inline-block\"><\/a> <\/p>","protected":false},"excerpt":{"rendered":"<p>Perjantaina 13.6.2025 t\u00e4r\u00e4ytet\u00e4\u00e4n Pasin &amp; Anssin shown my\u00f6t\u00e4 kes\u00e4n kuumimmat bileet Leiskun juhlateltalla, Sodankyl\u00e4ss\u00e4 (IKH:n \/ Simosen parkkipaikka, Sompiontie 1). Sis\u00e4\u00e4np\u00e4\u00e4sylippu 25 \u20ac (ennakkoliput myynniss\u00e4 soittamalla 040 7621 992), showtime n. klo 22.30, K-18 L\u00e4mpim\u00e4sti tervetuloa Pia &amp; Juha<\/p>","protected":false},"author":1,"featured_media":227105,"comment_status":"open","ping_status":"open","sticky":false,"template":"","format":"standard","meta":{"_seopress_robots_primary_cat":"none","_seopress_titles_title":"","_seopress_titles_desc":"","_seopress_robots_index":"","_et_pb_use_builder":"on","_et_pb_old_content":"Perjantaina 13.6.2025 t\u00e4r\u00e4ytet\u00e4\u00e4n Pasin &amp; Anssin shown my\u00f6t\u00e4 kes\u00e4n kuumimmat bileet Leiskun juhlateltalla, Sodankyl\u00e4ss\u00e4 (IKH:n \/ Simosen parkkipaikka, Sompiontie 1).\nSis\u00e4\u00e4np\u00e4\u00e4sylippu 25 \u20ac (ennakkoliput myynniss\u00e4 soittamalla 040 7621 992), showtime n. klo 22.30, K-18\nL\u00e4mpim\u00e4sti tervetuloa\nPia &amp; Juha","_et_gb_content_width":"","footnotes":""},"categories":[2],"tags":[],"class_list":["post-227103","post","type-post","status-publish","format-standard","has-post-thumbnail","hentry","category-musiikki"],"_links":{"self":[{"href":"https:\/\/lapinleisku.fi\/en\/wp-json\/wp\/v2\/posts\/227103","targetHints":{"allow":["GET"]}}],"collection":[{"href":"https:\/\/lapinleisku.fi\/en\/wp-json\/wp\/v2\/posts"}],"about":[{"href":"https:\/\/lapinleisku.fi\/en\/wp-json\/wp\/v2\/types\/post"}],"author":[{"embeddable":true,"href":"https:\/\/lapinleisku.fi\/en\/wp-json\/wp\/v2\/users\/1"}],"replies":[{"embeddable":true,"href":"https:\/\/lapinleisku.fi\/en\/wp-json\/wp\/v2\/comments?post=227103"}],"version-history":[{"count":3,"href":"https:\/\/lapinleisku.fi\/en\/wp-json\/wp\/v2\/posts\/227103\/revisions"}],"predecessor-version":[{"id":227251,"href":"https:\/\/lapinleisku.fi\/en\/wp-json\/wp\/v2\/posts\/227103\/revisions\/227251"}],"wp:featuredmedia":[{"embeddable":true,"href":"https:\/\/lapinleisku.fi\/en\/wp-json\/wp\/v2\/media\/227105"}],"wp:attachment":[{"href":"https:\/\/lapinleisku.fi\/en\/wp-json\/wp\/v2\/media?parent=227103"}],"wp:term":[{"taxonomy":"category","embeddable":true,"href":"https:\/\/lapinleisku.fi\/en\/wp-json\/wp\/v2\/categories?post=227103"},{"taxonomy":"post_tag","embeddable":true,"href":"https:\/\/lapinleisku.fi\/en\/wp-json\/wp\/v2\/tags?post=227103"}],"curies":[{"name":"wp","href":"https:\/\/api.w.org\/{rel}","templated":true}]}}